{"id":924,"date":"2022-04-21T22:59:00","date_gmt":"2022-04-21T22:59:00","guid":{"rendered":"https:\/\/www.epscon.mx\/?p=924"},"modified":"2022-08-04T22:54:32","modified_gmt":"2022-08-04T22:54:32","slug":"federico-mucino-fracasa-la-contrarreforma-electrica-sobrevive-el-mem","status":"publish","type":"post","link":"https:\/\/www.epscon.mx\/en\/federico-mucino-fracasa-la-contrarreforma-electrica-sobrevive-el-mem\/","title":{"rendered":"Federico Muci\u00f1o: Fracasa la contrarreforma el\u00e9ctrica, sobrevive el MEM"},"content":{"rendered":"<h2 class=\"wp-block-heading\">Federico Muci\u00f1o: Fracasa la contrarreforma el\u00e9ctrica, sobrevive el MEM<\/h2>\n\n\n\n<h4 class=\"wp-block-heading\">Despu\u00e9s de mucho decir, ir y venir en pleno Domingo de Resurrecci\u00f3n se consum\u00f3 la muerte de la contrarreforma.<\/h4>\n\n\n\n<p class=\"has-white-color has-text-color\">.<\/p>\n\n\n\n<div class=\"wp-block-columns is-layout-flex wp-container-core-columns-is-layout-9d6595d7 wp-block-columns-is-layout-flex\">\n<div class=\"wp-block-column is-layout-flow wp-block-column-is-layout-flow\" style=\"flex-basis:66.66%\">\n<p>Seis meses despu\u00e9s de haberse presentado la iniciativa de contrarreforma el\u00e9ctrica finalmente esta se puso a votaci\u00f3n en la C\u00e1mara de Diputados. Despu\u00e9s de mucho decir, ir y venir en pleno Domingo de Resurrecci\u00f3n se consum\u00f3 la muerte de la contrarreforma. Esto sin duda significa un enorme respiro para la econom\u00eda mexicana, pues la contrarreforma planteaba un escenario destructivo y arcaico donde se eliminaba casi completamente la competencia en el sector el\u00e9ctrico. Muy particularmente las medianas y grandes empresas consumidoras de energ\u00eda pueden <\/p>\n<\/div>\n\n\n\n<div class=\"wp-block-column is-layout-flow wp-block-column-is-layout-flow\" style=\"flex-basis:33.33%\">\n<figure class=\"wp-block-image size-large\"><img fetchpriority=\"high\" decoding=\"async\" width=\"400\" height=\"404\" src=\"https:\/\/www.epscon.mx\/wp-content\/uploads\/2021\/04\/Federico-Mucino-1.jpg\" alt=\"\" class=\"wp-image-549\" srcset=\"https:\/\/www.epscon.mx\/wp-content\/uploads\/2021\/04\/Federico-Mucino-1.jpg 400w, https:\/\/www.epscon.mx\/wp-content\/uploads\/2021\/04\/Federico-Mucino-1-297x300.jpg 297w\" sizes=\"(max-width: 400px) 100vw, 400px\" \/><\/figure>\n<\/div>\n<\/div>\n\n\n\n<p>respirar un poco m\u00e1s tranquilos sabiendo que las opciones que han explorado para comprar energ\u00eda el\u00e9ctrica a alg\u00fan suministrador calificado seguir\u00e1n siendo posibles. Sin embargo, el panorama presenta todav\u00eda algunos retos relevantes que las empresas deber\u00e1n tener muy presentes al momento de buscar opciones para el suministro de energ\u00eda de sus plantas, as\u00ed como para evaluar el curso a seguir con los contratos que ya tienen vigentes.. <\/p>\n\n\n\n<p>La mayor amenaza que se cern\u00eda sobre la industria el\u00e9ctrica en M\u00e9xico era sin duda la posibilidad de que la contrarreforma el\u00e9ctrica fuera aprobada. La contrarreforma significaba la destrucci\u00f3n del Mercado El\u00e9ctrico Mayorista (MEM) y con ello la posibilidad de que una empresa comprara energ\u00eda a un suministrador de su elecci\u00f3n y al precio que entre ellos acordaran. La \u00fanica opci\u00f3n que habr\u00eda quedado vigente para comprar energ\u00eda era CFE Suministro B\u00e1sico y a tarifas dictadas por el gobierno. Es por ello que el fracaso de la contrarreforma es un triunfo para la competencia y para la competitividad de la industria en M\u00e9xico. Si bien el panorama no es color de rosa, las empresas podr\u00e1n tener la tranquilidad de celebrar contratos con suministradores calificados teniendo la certeza de que en el futuro previsible el MEM seguir\u00e1 funcionando.<\/p>\n\n\n\n<p>Por otro lado, la Suprema Corte de Justicia de la Naci\u00f3n (SCJN) apenas la semana pasada someti\u00f3 a votaci\u00f3n de los Ministros la inconstitucionalidad de la reforma a la Ley de la Industria El\u00e9ctrica (LIE) que el Congreso aprob\u00f3 en marzo de 2021. El resultado fue que una mayor\u00eda de los Ministros considero varios art\u00edculos de la reforma de la LIE como inconstitucionales, sin embargo en ning\u00fan caso se alcanz\u00f3 la mayor\u00eda calificada que se requiere para declararla inconstitucional. Como resultado de esto, los jueces tendr\u00e1n que resolver uno a uno las centenas de amparos que se promovieron contra la reforma a la LIE. Precisamente por causa de estos amparos la reforma a la LIE se encuentra suspendida y no ser\u00e1 aplicable hasta que se levanten todas las suspensiones. Depender\u00e1 de estos procesos legales como queda la LIE reformada, por lo que es importante para las empresas que en sus contratos de compra de energ\u00eda contemplen los posibles efectos de esta, especialmente la posible alteraci\u00f3n del orden de despacho de las centrales el\u00e9ctricas y la intenci\u00f3n del Ejecutivo de acabar con los contratos de autoabastecimiento.<\/p>\n\n\n\n<p>La legalidad de la operaci\u00f3n del MEM ya no est\u00e1 amenazada en el corto plazo, sin embargo eso no significa que repentinamente las empresas privadas de generaci\u00f3n tendr\u00e1n disponible para los consumidores m\u00e1s fuentes de energ\u00eda. Este es un punto muy importante a considerar por las empresas que tienen previsto reactivar sus procesos de compra de energ\u00eda, especialmente aquellos que est\u00e1n buscando espec\u00edficamente energ\u00eda renovable. Toda la incertidumbre que ha rodeado a la industria el\u00e9ctrica este sexenio a provocado un alto o por lo menos una pausa a las inversiones en el sector. Por ello, la oferta de generaci\u00f3n disponible por parte de suministradores calificados ha permanecido sin cambio los \u00faltimos a\u00f1os, lo que significa que pudiera no ser suficiente para atender las necesidades de todos los interesados en conseguir un mejor precio que el de CFE B\u00e1sico y m\u00e1s dif\u00edcil a\u00fan que esto se haga exclusivamente con las cada vez m\u00e1s escasas fuentes de energ\u00eda renovable.<\/p>\n\n\n\n<p>El fracaso de la contrarreforma el\u00e9ctrica evit\u00f3 la consumaci\u00f3n de un desastre econ\u00f3mico para M\u00e9xico. Los impactos de \u00e9sta iban mucho m\u00e1s all\u00e1 de la industria energ\u00e9tica al impactar directamente la competitividad de la industria y la atracci\u00f3n de inversiones. Es momento para las medianas y grandes empresas de comenzar a reactivar los procesos de compra de energ\u00eda el\u00e9ctrica y conseguir as\u00ed importantes ahorros. La velocidad ser\u00e1 clave, ya que la poca disponibilidad de energ\u00eda y el preciado y escaso volumen de energ\u00eda renovable permitir\u00e1n generar grandes ahorros y cumplir con metas de reducci\u00f3n de emisiones a aquellas empresas tengan la agilidad suficiente para cerrar primero los contratos. Es importante tener claro que todav\u00eda hay nubes en el horizonte, por lo que habr\u00e1 que poner especial \u00e9nfasis en la negociaci\u00f3n de contratos de compra de energ\u00eda para quedar bien protegidos ante cualquier eventualidad.<\/p>\n\n\n\n<p class=\"has-white-color has-text-color\">.<\/p>\n\n\n\n<p><strong>Federico Muci\u00f1o<\/strong><\/p>\n\n\n\n<p><em>Director General y Socio Fundador de EPSCON, empresa especializada en asesor\u00eda a grandes y medianas empresas en compra de energ\u00eda el\u00e9ctrica y negociaci\u00f3n de contratos de suministro de energ\u00eda, generando ahorros de doble d\u00edgito.<\/em><\/p>\n\n\n\n<div class=\"wp-block-buttons is-layout-flex wp-block-buttons-is-layout-flex\">\n<div class=\"wp-block-button\"><a class=\"wp-block-button__link has-accent-background-color has-background\" href=\"https:\/\/www.elfinanciero.com.mx\/opinion-federico-mucino-inteligencia-electrica\/2022\/04\/21\/federico-mucino-fracasa-la-contrarreforma-electrica-sobrevive-el-mem\/\" target=\"_blank\" rel=\"noreferrer noopener\">Ir al Art\u00edculo<\/a><\/div>\n<\/div>\n\n\n\n<p class=\"has-white-color has-text-color\">.<\/p>\n\n\n\n<div class=\"wp-block-buttons is-layout-flex wp-block-buttons-is-layout-flex\">\n<div class=\"wp-block-button\"><a class=\"wp-block-button__link has-white-color has-accent-background-color has-text-color has-background\" href=\"https:\/\/www.epscon.mx\/en\/noticias\/\">Ir a todas las Noticias<\/a><\/div>\n<\/div>","protected":false},"excerpt":{"rendered":"<p>Federico Muci\u00f1o: Fracasa la contrarreforma el\u00e9ctrica, sobrevive el MEM Despu\u00e9s de mucho decir, ir y venir en pleno Domingo de Resurrecci\u00f3n se consum\u00f3 la muerte de la contrarreforma. . Seis meses despu\u00e9s de haberse presentado la iniciativa de contrarreforma el\u00e9ctrica finalmente esta se puso a votaci\u00f3n en la C\u00e1mara de Diputados. Despu\u00e9s de mucho decir,&hellip;<\/p>","protected":false},"author":1,"featured_media":927,"comment_status":"closed","ping_status":"closed","sticky":false,"template":"","format":"standard","meta":{"footnotes":""},"categories":[4],"tags":[],"class_list":["post-924","post","type-post","status-publish","format-standard","has-post-thumbnail","hentry","category-noticias","category-4","description-off"],"_links":{"self":[{"href":"https:\/\/www.epscon.mx\/en\/wp-json\/wp\/v2\/posts\/924","targetHints":{"allow":["GET"]}}],"collection":[{"href":"https:\/\/www.epscon.mx\/en\/wp-json\/wp\/v2\/posts"}],"about":[{"href":"https:\/\/www.epscon.mx\/en\/wp-json\/wp\/v2\/types\/post"}],"author":[{"embeddable":true,"href":"https:\/\/www.epscon.mx\/en\/wp-json\/wp\/v2\/users\/1"}],"replies":[{"embeddable":true,"href":"https:\/\/www.epscon.mx\/en\/wp-json\/wp\/v2\/comments?post=924"}],"version-history":[{"count":3,"href":"https:\/\/www.epscon.mx\/en\/wp-json\/wp\/v2\/posts\/924\/revisions"}],"predecessor-version":[{"id":928,"href":"https:\/\/www.epscon.mx\/en\/wp-json\/wp\/v2\/posts\/924\/revisions\/928"}],"wp:featuredmedia":[{"embeddable":true,"href":"https:\/\/www.epscon.mx\/en\/wp-json\/wp\/v2\/media\/927"}],"wp:attachment":[{"href":"https:\/\/www.epscon.mx\/en\/wp-json\/wp\/v2\/media?parent=924"}],"wp:term":[{"taxonomy":"category","embeddable":true,"href":"https:\/\/www.epscon.mx\/en\/wp-json\/wp\/v2\/categories?post=924"},{"taxonomy":"post_tag","embeddable":true,"href":"https:\/\/www.epscon.mx\/en\/wp-json\/wp\/v2\/tags?post=924"}],"curies":[{"name":"wp","href":"https:\/\/api.w.org\/{rel}","templated":true}]}}