{"id":886,"date":"2022-02-10T08:48:00","date_gmt":"2022-02-10T08:48:00","guid":{"rendered":"https:\/\/www.epscon.mx\/?p=886"},"modified":"2022-08-04T17:37:29","modified_gmt":"2022-08-04T17:37:29","slug":"federico-mucino-contrarreforma-electrica-estados-unidos-nos-corrige-la-plana","status":"publish","type":"post","link":"https:\/\/www.epscon.mx\/en\/federico-mucino-contrarreforma-electrica-estados-unidos-nos-corrige-la-plana\/","title":{"rendered":"Federico Muci\u00f1o: Contrarreforma el\u00e9ctrica &#8211; Estados Unidos nos corrige la plana"},"content":{"rendered":"<h2 class=\"wp-block-heading\">Federico Muci\u00f1o: Contrarreforma el\u00e9ctrica &#8211; Estados Unidos nos corrige la plana<\/h2>\n\n\n\n<h4 class=\"wp-block-heading\">La atenci\u00f3n que el gobierno estadounidense est\u00e1 poniendo sobre la iniciativa de contrarreforma el\u00e9ctrica ha sido muy evidente<\/h4>\n\n\n\n<p class=\"has-white-color has-text-color\">.<\/p>\n\n\n\n<div class=\"wp-block-columns is-layout-flex wp-container-core-columns-is-layout-9d6595d7 wp-block-columns-is-layout-flex\">\n<div class=\"wp-block-column is-layout-flow wp-block-column-is-layout-flow\" style=\"flex-basis:66.66%\">\n<p>En las conferencias matutinas del Presidente de la Rep\u00fablica, se ha vuelto completamente regular el hablar de la industria energ\u00e9tica. Dada la importancia que tiene este sector para la econom\u00eda nacional, y la importancia que tiene esta industria para casi cualquier econom\u00eda en el mundo, no resulta sorprendente que \u00e9ste sea un tema recurrente en las conferencias. Lo que s\u00ed resulta sorprendente es la menci\u00f3n directa con nombre y apellido de empresas que han ca\u00eddo de la gracia del Se\u00f1or Presidente, algunas de las cuales directamente participan en la industria energ\u00e9tica,     <\/p>\n<\/div>\n\n\n\n<div class=\"wp-block-column is-layout-flow wp-block-column-is-layout-flow\" style=\"flex-basis:33.33%\">\n<figure class=\"wp-block-image size-large\"><img fetchpriority=\"high\" decoding=\"async\" width=\"400\" height=\"404\" src=\"https:\/\/www.epscon.mx\/wp-content\/uploads\/2021\/04\/Federico-Mucino-1.jpg\" alt=\"\" class=\"wp-image-549\" srcset=\"https:\/\/www.epscon.mx\/wp-content\/uploads\/2021\/04\/Federico-Mucino-1.jpg 400w, https:\/\/www.epscon.mx\/wp-content\/uploads\/2021\/04\/Federico-Mucino-1-297x300.jpg 297w\" sizes=\"(max-width: 400px) 100vw, 400px\" \/><\/figure>\n<\/div>\n<\/div>\n\n\n\n<p>pero muchas otras que no lo hacen directamente sino que son grandes consumidoras de energ\u00eda. Ha habido un \u00e9nfasis particular hacia las empresas espa\u00f1olas, al grado de que esta semana se dijo que incluso se estar\u00eda considerando \u201cpausar\u201d las relaciones diplom\u00e1ticas. Han tenido su turno tambi\u00e9n varias grandes empresas mexicanas y algunas otras empresas europeas. Cabe resaltar, sin embargo, que la menci\u00f3n de empresas de origen estadounidense ha sido pr\u00e1cticamente nula, lo que dif\u00edcilmente es una coincidencia. Ser\u00eda razonable pensar que no todas las empresas tienen que caber en un mismo costal, es decir que las actividades en la industria energ\u00e9tica que son mal vistas por la Administraci\u00f3n Federal actual no necesariamente tienen la participaci\u00f3n de todo tipo de empresas, en este caso las empresas estadounidenses.<\/p>\n\n\n\n<p>Un caso muy claro que podemos explorar es el del esquema de Autoabastecimiento que ha sido duramente criticado y atacado por el Presidente y varios funcionarios de su Administraci\u00f3n. Varias empresas mexicanas y europeas han sido \u201cexhibidas\u201d por generar o consumir energ\u00eda el\u00e9ctrica en este esquema tildado de \u201cfraudulento\u201d por el Ejecutivo. No es ning\u00fan secreto que m\u00e1s de una empresa estadounidense tiene permisos de generaci\u00f3n bajo el esquema de Autoabastecimiento y que much\u00edsimas empresas americanas de todos tama\u00f1os forman parte de varias sociedades de Autoabastecimiento como consumidores de energ\u00eda. La atenci\u00f3n que el gobierno estadounidense est\u00e1 poniendo sobre la iniciativa de contrarreforma el\u00e9ctrica ha sido muy evidente. Hace algunos meses, senadores y congresistas federales por el estado de Texas hicieron un llamado p\u00fablico al Embajador en M\u00e9xico y a la Representante Comercial para que intercedieran en favor de las empresas estadounidenses que participan en el sector energ\u00e9tico en M\u00e9xico.<\/p>\n\n\n\n<p>M\u00e1s recientemente, fue cuesti\u00f3n de horas para que el Embajador Ken Salazar revirara despu\u00e9s de decir que \u201cel Presidente tiene raz\u00f3n\u201d en buscar una reforma, pues ya aline\u00f3 su postura con el resto de la Administraci\u00f3n Biden respecto de este asunto, y ahora cataloga la iniciativa de contrarreforma el\u00e9ctrica como promotora de \u201ctecnolog\u00edas sucias, anticuadas y caras\u201d. Tambi\u00e9n para reforzar el punto, esta semana tenemos de visita en M\u00e9xico al Enviado Especial para el Clima del gobierno de Joe Biden, John Kerry. Adem\u00e1s de la posici\u00f3n cr\u00edtica que ha tomado el gobierno estadounidense, las empresas de ese pa\u00eds han sido m\u00e1s directas expresando su descontento respecto de la iniciativa.<\/p>\n\n\n\n<p>A finales del a\u00f1o pasado General Motors hizo p\u00fablica su posici\u00f3n de buscar otros destinos de inversi\u00f3n distintos a M\u00e9xico en caso de que no les fuera posible cumplir con sus metas de consumo del total de sus necesidades de energ\u00eda a partir de fuentes renovables. Por su parte la C\u00e1mara de Comercio Americana (AmCham) esta misma semana toma una posici\u00f3n en el mismo sentido, pues muchas empresas estadounidenses tienen compromisos de consumo de entre 80% y 100% de energ\u00eda renovable. Las empresas americanas est\u00e1n viendo el acceso abundante a fuentes de energ\u00eda renovable como un factor determinante para permanecer en M\u00e9xico.<\/p>\n\n\n\n<p>Como hace m\u00e1s de 160 a\u00f1os, el Gobierno federal quiere rescatar del olvido los motes de \u201cliberales\u201d y \u201cconservadores\u201d, y tal como en aquella \u00e9poca se asocia a los conservadores con los pa\u00edses europeos y las \u00e9lites nacionales.Tambi\u00e9n como en aquella \u00e9poca, parece que los desacuerdos internos en M\u00e9xico no pueden ser resueltos entre dos posturas polarmente opuestas y en donde las ideolog\u00edas dejan de lado a la argumentaci\u00f3n racional.<\/p>\n\n\n\n<p>Parece inevitable entonces que tengan que venir los Estados Unidos de Am\u00e9rica a indicarnos el camino a seguir, pues qui\u00e9n en su sano juicio quisiera tomar una postura confrontacional con su vecino del norte, quien resulta ser la m\u00e1s grande econom\u00eda del mundo, proveedor de la inmensa mayor\u00eda del gas natural consumido en el Pa\u00eds y principal socio comercial.<\/p>\n\n\n\n<p class=\"has-white-color has-text-color\">.<\/p>\n\n\n\n<p><strong>Federico Muci\u00f1o Garc\u00eda<\/strong><\/p>\n\n\n\n<p><em>Socio Consultor y Director General de EPSCON, empresa especializada en asesor\u00eda a grandes y medianas empresas en compra de energ\u00eda el\u00e9ctrica y negociaci\u00f3n de contratos de suministro de energ\u00eda<\/em><\/p>\n\n\n\n<div class=\"wp-block-buttons is-layout-flex wp-block-buttons-is-layout-flex\">\n<div class=\"wp-block-button\"><a class=\"wp-block-button__link has-accent-background-color has-background\" href=\"https:\/\/www.elfinanciero.com.mx\/opinion-federico-mucino-inteligencia-electrica\/2022\/02\/10\/federico-mucino-contrarreforma-electrica-estados-unidos-nos-corrige-la-plana\/\" target=\"_blank\" rel=\"noreferrer noopener\">Ir al Art\u00edculo<\/a><\/div>\n<\/div>\n\n\n\n<div class=\"wp-block-buttons is-layout-flex wp-block-buttons-is-layout-flex\"><\/div>\n\n\n\n<p class=\"has-white-color has-text-color\">.<\/p>\n\n\n\n<div class=\"wp-block-buttons is-layout-flex wp-block-buttons-is-layout-flex\">\n<div class=\"wp-block-button\"><a class=\"wp-block-button__link has-accent-background-color has-background\" href=\"https:\/\/www.epscon.mx\/en\/noticias\/\" style=\"border-radius:5px\">Ir a todas las Noticias<\/a><\/div>\n<\/div>\n\n\n\n<p><\/p>","protected":false},"excerpt":{"rendered":"<p>Federico Muci\u00f1o: Contrarreforma el\u00e9ctrica &#8211; Estados Unidos nos corrige la plana La atenci\u00f3n que el gobierno estadounidense est\u00e1 poniendo sobre la iniciativa de contrarreforma el\u00e9ctrica ha sido muy evidente . En las conferencias matutinas del Presidente de la Rep\u00fablica, se ha vuelto completamente regular el hablar de la industria energ\u00e9tica. Dada la importancia que tiene&hellip;<\/p>","protected":false},"author":1,"featured_media":894,"comment_status":"closed","ping_status":"closed","sticky":false,"template":"","format":"standard","meta":{"footnotes":""},"categories":[4],"tags":[],"class_list":["post-886","post","type-post","status-publish","format-standard","has-post-thumbnail","hentry","category-noticias","category-4","description-off"],"_links":{"self":[{"href":"https:\/\/www.epscon.mx\/en\/wp-json\/wp\/v2\/posts\/886","targetHints":{"allow":["GET"]}}],"collection":[{"href":"https:\/\/www.epscon.mx\/en\/wp-json\/wp\/v2\/posts"}],"about":[{"href":"https:\/\/www.epscon.mx\/en\/wp-json\/wp\/v2\/types\/post"}],"author":[{"embeddable":true,"href":"https:\/\/www.epscon.mx\/en\/wp-json\/wp\/v2\/users\/1"}],"replies":[{"embeddable":true,"href":"https:\/\/www.epscon.mx\/en\/wp-json\/wp\/v2\/comments?post=886"}],"version-history":[{"count":9,"href":"https:\/\/www.epscon.mx\/en\/wp-json\/wp\/v2\/posts\/886\/revisions"}],"predecessor-version":[{"id":897,"href":"https:\/\/www.epscon.mx\/en\/wp-json\/wp\/v2\/posts\/886\/revisions\/897"}],"wp:featuredmedia":[{"embeddable":true,"href":"https:\/\/www.epscon.mx\/en\/wp-json\/wp\/v2\/media\/894"}],"wp:attachment":[{"href":"https:\/\/www.epscon.mx\/en\/wp-json\/wp\/v2\/media?parent=886"}],"wp:term":[{"taxonomy":"category","embeddable":true,"href":"https:\/\/www.epscon.mx\/en\/wp-json\/wp\/v2\/categories?post=886"},{"taxonomy":"post_tag","embeddable":true,"href":"https:\/\/www.epscon.mx\/en\/wp-json\/wp\/v2\/tags?post=886"}],"curies":[{"name":"wp","href":"https:\/\/api.w.org\/{rel}","templated":true}]}}