{"id":841,"date":"2021-10-29T07:45:43","date_gmt":"2021-10-29T07:45:43","guid":{"rendered":"https:\/\/www.epscon.mx\/?p=841"},"modified":"2021-11-03T00:40:00","modified_gmt":"2021-11-03T00:40:00","slug":"roberto-mercado-la-reforma-electrica-y-el-panorama-actual","status":"publish","type":"post","link":"https:\/\/www.epscon.mx\/en\/roberto-mercado-la-reforma-electrica-y-el-panorama-actual\/","title":{"rendered":"Roberto Mercado: La Reforma El\u00e9ctrica y el panorama actual"},"content":{"rendered":"<h2 class=\"wp-block-heading\">Roberto Mercado: La Reforma El\u00e9ctrica y el panorama actual<\/h2>\n\n\n\n<h4 class=\"wp-block-heading\">Esta reforma ha tra\u00eddo mucha incertidumbre en el sector el\u00e9ctrico y en todos los sectores industriales, por lo que recomendamos a las empresas a acercarse a expertos que los puedan asesorar en los temas de compra de energ\u00eda el\u00e9ctrica.<\/h4>\n\n\n\n<p class=\"has-white-color has-text-color\">.<\/p>\n\n\n\n<div class=\"wp-block-columns is-layout-flex wp-container-core-columns-is-layout-9d6595d7 wp-block-columns-is-layout-flex\">\n<div class=\"wp-block-column is-layout-flow wp-block-column-is-layout-flow\" style=\"flex-basis:66.66%\">\n<p>Han pasado veintisiete d\u00edas desde que el Presidente present\u00f3 a la C\u00e1mara de Diputados la Iniciativa de Reforma Constitucional en Materia El\u00e9ctrica. Durante este tiempo el Presidente y sus seguidores han seguido impulsando esta reforma, mencionando que esta reforma es necesaria para fortalecer a CFE y regresar el control del sector el\u00e9ctrico al Estado a trav\u00e9s de ella, para garantizar la seguridad energ\u00e9tica. Por otra parte, expertos del sector el\u00e9ctrico, la industria privada, el Departamento de Energ\u00eda de Estados Unidos, la oposici\u00f3n pol\u00edtica del partido en el poder y muchos m\u00e1s, se han pronunciado en contra de esta reforma, argumentando que esto conllevar\u00e1 al Pa\u00eds a un<\/p>\n<\/div>\n\n\n\n<div class=\"wp-block-column is-layout-flow wp-block-column-is-layout-flow\" style=\"flex-basis:33.33%\">\n<figure class=\"wp-block-image size-large\"><img fetchpriority=\"high\" decoding=\"async\" width=\"400\" height=\"404\" src=\"https:\/\/www.epscon.mx\/wp-content\/uploads\/2021\/04\/Roberto-Mercado-Baidon-1.jpg\" alt=\"\" class=\"wp-image-547\" srcset=\"https:\/\/www.epscon.mx\/wp-content\/uploads\/2021\/04\/Roberto-Mercado-Baidon-1.jpg 400w, https:\/\/www.epscon.mx\/wp-content\/uploads\/2021\/04\/Roberto-Mercado-Baidon-1-297x300.jpg 297w\" sizes=\"(max-width: 400px) 100vw, 400px\" \/><\/figure>\n<\/div>\n<\/div>\n\n\n\n<p>incremento en el precio de la energ\u00eda el\u00e9ctrica, incremento en las emisiones de efecto invernadero, posibles salidas de capital del Pa\u00eds, por mencionar algunas. La Reforma El\u00e9ctrica es un tema que se sigue debatiendo y que todav\u00eda tomar\u00e1 tiempo para que se tome una resoluci\u00f3n. En caso de que se llegar\u00e1 a aprobar la reforma, sin hacerle ninguna modificaci\u00f3n, al hacer exclusivo el abastecimiento de energ\u00eda el\u00e9ctrica a CFE, todas las empresas que cuentan con una tarifa m\u00e1s competitiva con un suministrador privado, perder\u00e1n este beneficio e incrementar\u00e1n sus costos de electricidad al regresar con CFE. CFE Suministrador de Servicios B\u00e1sicos adquiere la energ\u00eda de las siguientes fuentes: CFE Generaci\u00f3n, Productores Independientes de Energ\u00eda (PIE), Subastas de largo plazo y del Mercado El\u00e9ctrico Mayorista (MEM), siendo CFE Generaci\u00f3n quien tiene los costos m\u00e1s altos de las cuatro fuentes. Al incrementar el despacho de generaci\u00f3n de CFE, como se propone en la reforma, se incrementar\u00e1n los costos de generaci\u00f3n y por lo tanto el precio de la energ\u00eda el\u00e9ctrica. Este incremento ser\u00e1 absorbido por los usuarios finales industriales y comerciales, ya que es de esperar que la Administraci\u00f3n federal aumente el subsidio a los usuarios dom\u00e9sticos. A pesar de esto, el incremento en los costos de electricidad lo estaremos absorbiendo los mexicanos al adquirir los productos que se producen en M\u00e9xico. De igual manera las empresas exportadoras estar\u00edan perdiendo competitividad al incrementar sus costos de electricidad, llev\u00e1ndolas a un escenario complicado para la continuidad de sus operaciones. Las empresas no solo se ver\u00edan afectadas por el incremento en el precio de la electricidad, sino tambi\u00e9n por la falta de oportunidad de comprar energ\u00eda 100 por ciento renovable, lo cual, para muchas empresas es un requisito que les solicitan sus clientes.<\/p>\n\n\n\n<p>A pesar del panorama que se vislumbra, nosotros como consultores en compra de energ\u00eda continuamos realizando licitaciones de suministro de electricidad para nuestros clientes. Esto debido a que todav\u00eda falta tiempo para tener una resoluci\u00f3n, no es seguro que esta reforma se llegue a aprobar, y si se llegara a aprobar, es poco probable que se apruebe tal cual est\u00e1 descrita. Recordemos que la Iniciativa de Reforma a la Ley de la Industria El\u00e9ctrica (LIE) presentada a inicios de este a\u00f1o, solo contemplaba terminar con el esquema de compra de energ\u00eda el\u00e9ctrica del Autoabastecimiento, pero al Suministro Calificado, aunque se ve\u00eda con alguna afectaci\u00f3n, no lo desechaba. La necesidad de las empresas por consumir energ\u00eda m\u00e1s competitiva y limpia existe, y continuar\u00e1 existiendo. Como lo mencionaba, no es seguro que se apruebe la reforma y el detener los proyectos de compra de energ\u00eda implicar\u00eda una p\u00e9rdida de tiempo considerable. Algunas empresas ya cuentan con un contrato de suministro de electricidad bajo el esquema de Autoabastecimiento o bajo el esquema de Suministro Calificado, las cuales se encuentran buscando mejores condiciones. Estas empresas lo \u00faltimo que deber\u00edan de hacer es detener estos proyectos, ya que perder\u00edan la oportunidad de mejorar su tarifa y condiciones contractuales, considerando que, si se llegara a aprobar la reforma bajo las condiciones en las que se present\u00f3, de igual manera se ver\u00edan afectadas.<\/p>\n\n\n\n<p>Esta reforma ha tra\u00eddo mucha incertidumbre en el sector el\u00e9ctrico y en todos los sectores industriales, por lo que recomendamos a las empresas a acercarse a expertos que los puedan asesorar en los temas de compra de energ\u00eda el\u00e9ctrica, que los ayuden a analizar las tarifas, a identificar tanto los beneficios como los riesgos y a ayudarlos a disminuir dichos riesgos, as\u00ed como en la negociaci\u00f3n del contrato. El Presidente ha comentado en repetidas ocasiones que las tarifas de electricidad no incrementar\u00e1n m\u00e1s all\u00e1 de la inflaci\u00f3n; sin embargo, la inflaci\u00f3n ya se encuentra en valores del 6 por ciento, considerando que a inicios de a\u00f1o estaba en 3.54 por ciento. Independientemente de que se apruebe o no la reforma, se espera que las tarifas de CFE para el 2022 aumenten, por lo que es importante que las empresas analicen opciones de suministro m\u00e1s competitivas.<\/p>\n\n\n\n<p class=\"has-white-color has-text-color\">.<\/p>\n\n\n\n<p><strong>J.<\/strong>&nbsp;<strong>Roberto Mercado<\/strong>&nbsp;<strong>Baid\u00f3n<\/strong><\/p>\n\n\n\n<p><em>Socio Consultor y Director Comercial de EPSCON, empresa especializada en asesor\u00eda a grandes y medianas empresas en compra de energ\u00eda el\u00e9ctrica y negociaci\u00f3n de contratos de suministro de energ\u00eda<\/em><\/p>\n\n\n\n<div class=\"wp-block-buttons is-layout-flex wp-block-buttons-is-layout-flex\">\n<div class=\"wp-block-button\"><a class=\"wp-block-button__link has-accent-background-color has-background\" href=\"https:\/\/www.elfinanciero.com.mx\/monterrey\/2021\/10\/29\/roberto-mercado-la-reforma-electrica-y-el-panorama-actual\/\" target=\"_blank\" rel=\"noreferrer noopener\">Ir al Art\u00edculo<\/a><\/div>\n<\/div>","protected":false},"excerpt":{"rendered":"<p>Roberto Mercado: La Reforma El\u00e9ctrica y el panorama actual Esta reforma ha tra\u00eddo mucha incertidumbre en el sector el\u00e9ctrico y en todos los sectores industriales, por lo que recomendamos a las empresas a acercarse a expertos que los puedan asesorar en los temas de compra de energ\u00eda el\u00e9ctrica. . Han pasado veintisiete d\u00edas desde que&hellip;<\/p>","protected":false},"author":1,"featured_media":827,"comment_status":"closed","ping_status":"closed","sticky":false,"template":"","format":"standard","meta":{"footnotes":""},"categories":[4],"tags":[],"class_list":["post-841","post","type-post","status-publish","format-standard","has-post-thumbnail","hentry","category-noticias","category-4","description-off"],"_links":{"self":[{"href":"https:\/\/www.epscon.mx\/en\/wp-json\/wp\/v2\/posts\/841","targetHints":{"allow":["GET"]}}],"collection":[{"href":"https:\/\/www.epscon.mx\/en\/wp-json\/wp\/v2\/posts"}],"about":[{"href":"https:\/\/www.epscon.mx\/en\/wp-json\/wp\/v2\/types\/post"}],"author":[{"embeddable":true,"href":"https:\/\/www.epscon.mx\/en\/wp-json\/wp\/v2\/users\/1"}],"replies":[{"embeddable":true,"href":"https:\/\/www.epscon.mx\/en\/wp-json\/wp\/v2\/comments?post=841"}],"version-history":[{"count":2,"href":"https:\/\/www.epscon.mx\/en\/wp-json\/wp\/v2\/posts\/841\/revisions"}],"predecessor-version":[{"id":843,"href":"https:\/\/www.epscon.mx\/en\/wp-json\/wp\/v2\/posts\/841\/revisions\/843"}],"wp:featuredmedia":[{"embeddable":true,"href":"https:\/\/www.epscon.mx\/en\/wp-json\/wp\/v2\/media\/827"}],"wp:attachment":[{"href":"https:\/\/www.epscon.mx\/en\/wp-json\/wp\/v2\/media?parent=841"}],"wp:term":[{"taxonomy":"category","embeddable":true,"href":"https:\/\/www.epscon.mx\/en\/wp-json\/wp\/v2\/categories?post=841"},{"taxonomy":"post_tag","embeddable":true,"href":"https:\/\/www.epscon.mx\/en\/wp-json\/wp\/v2\/tags?post=841"}],"curies":[{"name":"wp","href":"https:\/\/api.w.org\/{rel}","templated":true}]}}