{"id":743,"date":"2021-07-08T06:55:42","date_gmt":"2021-07-08T06:55:42","guid":{"rendered":"https:\/\/www.epscon.mx\/?p=743"},"modified":"2021-08-12T21:31:01","modified_gmt":"2021-08-12T21:31:01","slug":"j-roberto-mercado-baidon-y-en-electricidad-en-que-estamos","status":"publish","type":"post","link":"https:\/\/www.epscon.mx\/en\/j-roberto-mercado-baidon-y-en-electricidad-en-que-estamos\/","title":{"rendered":"J. Roberto Mercado Baid\u00f3n: Y en electricidad\u2026 \u00bfen qu\u00e9 estamos?"},"content":{"rendered":"<h2 class=\"wp-block-heading\">J. Roberto Mercado Baid\u00f3n: Y en electricidad\u2026 \u00bfen qu\u00e9 estamos?<\/h2>\n\n\n\n<h4 class=\"wp-block-heading\">El Presidente L\u00f3pez Obrador menciona que su intenci\u00f3n no es desaparecer a las empresas privadas del sector el\u00e9ctrico, pero si buscar\u00e1 que CFE se quede con el 54% del mercado y el resto los particulares.<\/h4>\n\n\n\n<div class=\"wp-block-columns is-layout-flex wp-container-core-columns-is-layout-9d6595d7 wp-block-columns-is-layout-flex\">\n<div class=\"wp-block-column is-layout-flow wp-block-column-is-layout-flow\" style=\"flex-basis:66.66%\">\n<p>En junio pasado, en una de sus ma\u00f1aneras, el Presidente Andr\u00e9s L\u00f3pez mencion\u00f3 que buscar\u00e1 realizar una reforma constitucional en materia el\u00e9ctrica, debido a la suspensiones definitivas que jueces otorgaron a la Reforma a la Ley de la Industria El\u00e9ctrica (LIE). El objetivo de esta reforma constitucional ser\u00eda el mismo que el de la Reforma a la LIE, el fortalecimiento de la Comisi\u00f3n Federal de Electricidad (CFE). En dicha ma\u00f1anera tambi\u00e9n mencion\u00f3 que su intenci\u00f3n no es desaparecer a las empresas privadas del sector el\u00e9ctrico, pero s\u00ed buscar\u00e1 que CFE se quede con el 54 por ciento del mercado y el resto los particulares. Entre otros puntos, lo que buscan es cambiar el orden del despacho de generaci\u00f3n, para que todas las centrales de CFE sean despachadas.<\/p>\n<\/div>\n\n\n\n<div class=\"wp-block-column is-layout-flow wp-block-column-is-layout-flow\" style=\"flex-basis:33.33%\">\n<figure class=\"wp-block-image size-large\"><img fetchpriority=\"high\" decoding=\"async\" width=\"400\" height=\"404\" src=\"https:\/\/www.epscon.mx\/wp-content\/uploads\/2021\/04\/Roberto-Mercado-Baidon-1.jpg\" alt=\"\" class=\"wp-image-547\" srcset=\"https:\/\/www.epscon.mx\/wp-content\/uploads\/2021\/04\/Roberto-Mercado-Baidon-1.jpg 400w, https:\/\/www.epscon.mx\/wp-content\/uploads\/2021\/04\/Roberto-Mercado-Baidon-1-297x300.jpg 297w\" sizes=\"(max-width: 400px) 100vw, 400px\" \/><\/figure>\n<\/div>\n<\/div>\n\n\n\n<p>Actualmente, el despacho de generaci\u00f3n se realiza por m\u00e9rito econ\u00f3mico, es decir, para cubrir la demanda del Sistema El\u00e9ctrico Nacional se despacha de las centrales de generaci\u00f3n m\u00e1s eficientes a las menos eficientes.<\/p>\n\n\n\n<p>Debido a esto y a la ineficiencia de algunas centrales de generaci\u00f3n de CFE, \u00e9stas se quedan sin ser despachadas. El Presidente argumenta que con este cambio en el despacho de generaci\u00f3n podr\u00e1n garantizar que no aumente el precio de la electricidad, sin embargo, esto llevar\u00eda a que tendr\u00e1n que hacer mayor uso de subsidio en las tarifas de CFE debido a que estar\u00e1n incrementando los costos de generaci\u00f3n al despachar centrales m\u00e1s ineficientes.<\/p>\n\n\n\n<p>Por otro lado, recientemente se revoc\u00f3 una suspensi\u00f3n definitiva con efectos generales que se hab\u00eda otorgado a la Reforma a la LIE, sin embargo, la Reforma sigue sin aplicabilidad debido a que existen otras suspensiones definitivas que no han sido revocadas.<\/p>\n\n\n\n<p>Hablando de la industria en general, lo que estamos viendo es que las empresas contin\u00faan con la intenci\u00f3n de migrar al Suministro Calificado a pesar de los cambios regulatorios o debido a \u00e9stos.<\/p>\n\n\n\n<p>En este \u00faltimo punto me refiero a que hay empresas que, debido a los cambios en la regulaci\u00f3n, sus contratos actuales bajo el esquema de Autoabastecimiento dejaron de ser atractivos y decidieron analizar otras opciones en el Suministro Calificado.<\/p>\n\n\n\n<p>Tambi\u00e9n, debido a los cambios en la regulaci\u00f3n y a la falta de respuesta por parte de las autoridades gubernamentales competentes, algunos suministradores les est\u00e1n solicitando a sus clientes migrar al Suministro Calificado.<\/p>\n\n\n\n<p>El proceso de migraci\u00f3n al Suministro Calificado var\u00eda un poco dependiendo si actualmente se compra el 100 por ciento de la energ\u00eda a CFE Suministrador de Servicios B\u00e1sico (CFE SSB) o si se compra energ\u00eda en el esquema de Autoabastecimiento.<\/p>\n\n\n\n<p>Es importante conocer los tiempos y tr\u00e1mites que se deben realizar para una migraci\u00f3n efectiva. Estos tiempos pueden variar de 6 a 12 meses a partir de la firma del contrato de Suministro Calificado, sin embargo, hay algunas actividades que se pueden realizar previo a la firma del contrato con el objetivo de reducir estos tiempos.<\/p>\n\n\n\n<p>Nosotros, como consultores, adem\u00e1s de apoyar en la licitaci\u00f3n y negociaci\u00f3n del contrato de suministro, tambi\u00e9n estamos asistiendo a nuestros clientes con la gesti\u00f3n de tr\u00e1mites para la migraci\u00f3n efectiva al Suministro Calificado.<\/p>\n\n\n\n<p>Adicionalmente a los cambios regulatorios, las empresas tambi\u00e9n est\u00e1n buscando migrar al Suministro Calificado para obtener tarifas m\u00e1s competitivas que les permitan reducir sus costos de operaci\u00f3n y ser suministrados con energ\u00edas limpias.<\/p>\n\n\n\n<p>En lo que va de este sexenio, en general, las tarifas de CFE se han mantenido muy estables, sin embargo, en niveles altos. Las tarifas m\u00e1s bajas las vimos en el 2020, que en promedio la tarifas en media tensi\u00f3n bajaron un 3.3 por ciento con respecto al 2019 y las tarifas de alta tensi\u00f3n un 4 por ciento.<\/p>\n\n\n\n<p>Ahora en el 2021 vemos un incremento nuevamente en las tarifas de CFE SSB, siendo junio el pico m\u00e1s alto en lo que va de esta administraci\u00f3n federal.<\/p>\n\n\n\n<p>En licitaciones recientes de Suministro Calificado seguimos viendo tarifas competitivas con flexibilidad en consumo y plazo, que ofrecen un ahorro contra las tarifas de CFE SSB entre el 10 y 30 por ciento. Las oportunidades est\u00e1n al alcance de las empresas.<\/p>\n\n\n\n<p>Es importante hacer un buen an\u00e1lisis de las tarifas y m\u00e1s a\u00fan, contar con los conocimientos y experiencia en la negociaci\u00f3n de contratos, para obtener un contrato que adem\u00e1s de obtener condiciones favorables para el usuario final, lo proteja ante alg\u00fan cambio en ley.<\/p>\n\n\n\n<p class=\"has-white-color has-text-color\">.<\/p>\n\n\n\n<p><strong>J. Roberto Mercado Baid\u00f3n<\/strong><\/p>\n\n\n\n<p><em>Socio Consultor y Director Comercial de EPSCON, empresa especializada en asesor\u00eda a grandes y medianas empresas en compra de energ\u00eda el\u00e9ctrica y negociaci\u00f3n de contratos de suministro de energ\u00eda.<\/em><\/p>\n\n\n\n<div class=\"wp-block-buttons is-layout-flex wp-block-buttons-is-layout-flex\">\n<div class=\"wp-block-button\"><a class=\"wp-block-button__link has-white-color has-accent-background-color has-text-color has-background\">Ir al Art\u00edculo<\/a><\/div>\n<\/div>","protected":false},"excerpt":{"rendered":"<p>J. Roberto Mercado Baid\u00f3n: Y en electricidad\u2026 \u00bfen qu\u00e9 estamos? El Presidente L\u00f3pez Obrador menciona que su intenci\u00f3n no es desaparecer a las empresas privadas del sector el\u00e9ctrico, pero si buscar\u00e1 que CFE se quede con el 54% del mercado y el resto los particulares. En junio pasado, en una de sus ma\u00f1aneras, el Presidente&hellip;<\/p>","protected":false},"author":1,"featured_media":744,"comment_status":"closed","ping_status":"open","sticky":false,"template":"","format":"standard","meta":{"footnotes":""},"categories":[4],"tags":[],"class_list":["post-743","post","type-post","status-publish","format-standard","has-post-thumbnail","hentry","category-noticias","category-4","description-off"],"_links":{"self":[{"href":"https:\/\/www.epscon.mx\/en\/wp-json\/wp\/v2\/posts\/743","targetHints":{"allow":["GET"]}}],"collection":[{"href":"https:\/\/www.epscon.mx\/en\/wp-json\/wp\/v2\/posts"}],"about":[{"href":"https:\/\/www.epscon.mx\/en\/wp-json\/wp\/v2\/types\/post"}],"author":[{"embeddable":true,"href":"https:\/\/www.epscon.mx\/en\/wp-json\/wp\/v2\/users\/1"}],"replies":[{"embeddable":true,"href":"https:\/\/www.epscon.mx\/en\/wp-json\/wp\/v2\/comments?post=743"}],"version-history":[{"count":5,"href":"https:\/\/www.epscon.mx\/en\/wp-json\/wp\/v2\/posts\/743\/revisions"}],"predecessor-version":[{"id":767,"href":"https:\/\/www.epscon.mx\/en\/wp-json\/wp\/v2\/posts\/743\/revisions\/767"}],"wp:featuredmedia":[{"embeddable":true,"href":"https:\/\/www.epscon.mx\/en\/wp-json\/wp\/v2\/media\/744"}],"wp:attachment":[{"href":"https:\/\/www.epscon.mx\/en\/wp-json\/wp\/v2\/media?parent=743"}],"wp:term":[{"taxonomy":"category","embeddable":true,"href":"https:\/\/www.epscon.mx\/en\/wp-json\/wp\/v2\/categories?post=743"},{"taxonomy":"post_tag","embeddable":true,"href":"https:\/\/www.epscon.mx\/en\/wp-json\/wp\/v2\/tags?post=743"}],"curies":[{"name":"wp","href":"https:\/\/api.w.org\/{rel}","templated":true}]}}