{"id":1139,"date":"2024-06-07T17:32:37","date_gmt":"2024-06-07T17:32:37","guid":{"rendered":"https:\/\/www.epscon.mx\/?p=1139"},"modified":"2025-07-07T18:04:42","modified_gmt":"2025-07-07T18:04:42","slug":"roberto-mercado-temporada-de-calor-y-de-apagones","status":"publish","type":"post","link":"https:\/\/www.epscon.mx\/en\/roberto-mercado-temporada-de-calor-y-de-apagones\/","title":{"rendered":"Roberto Mercado: Temporada de calor\u2026 \u00bfy de apagones?"},"content":{"rendered":"<p>En la planeaci\u00f3n del Sistema El\u00e9ctrico Nacional (SEN) se considera el incremento esperado de la demanda de energ\u00eda a\u00f1o con a\u00f1o. Sin embargo, en la pr\u00e1ctica no se han tomado las acciones necesarias para que estos aumentos sean tolerados por el SEN.<\/p>\n\n\n\n<p>Prueba de esto ha sido los apagones que hemos evidenciado recientemente, debido a las acciones que el Centro Nacional de Control de Energ\u00eda (CENACE) ha tenido que tomar para salvaguardar la operaci\u00f3n del SEN y reducir la afectaci\u00f3n de los usuarios. La causa de estos apagones ha sido las deficiencias que presenta el SEN, tanto en capacidad de generaci\u00f3n como en la infraestructura de la transmisi\u00f3n y distribuci\u00f3n de energ\u00eda.<\/p>\n\n\n\n<p>El motivo por el cual el CENACE ha tenido que tomar acciones remediales para mantener la operaci\u00f3n del SEN es que el Margen de Reserva Operativo (MRO) ha llegado a estar alrededor de un 3 por ciento. El MRO es la capacidad de generaci\u00f3n disponible y la carga que puede ser interrumpida por un per\u00edodo de tiempo para atender a la demanda del SEN.<\/p>\n\n\n\n<p>La regulaci\u00f3n establece que el valor m\u00ednimo del MRO con el que debe de operar el SEN, es de un 6 por ciento, esto, para garantizar la confiabilidad de su operaci\u00f3n. Cuando el MRO se encuentra entre un 3 y 6 por ciento, se dice que el sistema se encuentra en un estado operativo de alerta. Cuando el MRO se disminuye entre un 0 y 3 por ciento, el sistema se encuentra en un estado de emergencia.<\/p>\n\n\n\n<p>Dentro de las acciones remediales que puede realizar el CENACE cuando el sistema se encuentra en un estado de emergencia, es tirar carga de manera manual para reestablecer el MRO a un valor de alerta. Esto es lo que ha estado sucediendo.<\/p>\n\n\n\n<p>Hemos escuchado por parte de la industria, que han visto en varias ocasiones a cuadrillas de CFE fuera de las plantas o parques industriales, esperando indicaciones para abrir circuitos y tumbar carga. Comentan que, en el mejor de los casos, reciben una llamada de cortes\u00eda inform\u00e1ndoles que desconectar\u00e1n circuitos, pero en otros casos, simplemente solo se quedan sin el suministro de electricidad.<\/p>\n\n\n\n<p>Por otra parte, se ha dejado de publicar, al p\u00fablico en general, los estados de alerta y de emergencia del SEN por parte del CENACE. Cuando se publicaban los estados de alerta y de emergencia en la operaci\u00f3n del sistema, por lo menos pod\u00edas conocer que est\u00e1 ocurriendo un evento.<\/p>\n\n\n\n<p>La realidad es que para los usuarios es imposible conocer cu\u00e1ndo y d\u00f3nde se estar\u00e1n realizando las interrupciones de suministro como para que las empresas pudieran prepararse y disminuir en la menor medida la afectaci\u00f3n.<\/p>\n\n\n\n<p>Las altas temperaturas registradas en abril y mayo de este a\u00f1o contribuyeron a la sobrecarga del SEN y resultaron en cortes de energ\u00eda.<\/p>\n\n\n\n<p>Considerando que durante los \u00faltimos 3 a\u00f1os la demanda m\u00e1xima se ha presentado en junio, es probable que durante este mes y el verano aumenten los cortes de energ\u00eda debido al incremento en la temperatura y la demanda. Para darnos una idea, la demanda m\u00e1xima del 2023 fue de 54,596 MW. Ahora en mayo se registr\u00f3 una demanda m\u00e1xima de 54,969 MW. Con base en datos del CENACE.<\/p>\n\n\n\n<p>Para fortalecer el SEN y garantizar su operaci\u00f3n ante los crecientes niveles de demanda, se requiere una inversi\u00f3n significativa en generaci\u00f3n e infraestructura de transmisi\u00f3n y distribuci\u00f3n de energ\u00eda el\u00e9ctrica.<\/p>\n\n\n\n<p>Sin embargo, aunque CFE y el gobierno puedan comenzar a realizar estas inversiones y permitir la participaci\u00f3n del sector privado en generaci\u00f3n, los efectos positivos no se ver\u00e1n de inmediato, ya que los proyectos de este tipo requieren meses e incluso a\u00f1os para su desarrollo e implementaci\u00f3n.<\/p>","protected":false},"excerpt":{"rendered":"<p>En la planeaci\u00f3n del Sistema El\u00e9ctrico Nacional (SEN) se considera el incremento esperado de la demanda de energ\u00eda a\u00f1o con a\u00f1o. Sin embargo, en la pr\u00e1ctica no se han tomado las acciones necesarias para que estos aumentos sean tolerados por el SEN. Prueba de esto ha sido los apagones que hemos evidenciado recientemente, debido a&hellip;<\/p>","protected":false},"author":1,"featured_media":0,"comment_status":"open","ping_status":"open","sticky":false,"template":"","format":"standard","meta":{"footnotes":""},"categories":[1],"tags":[],"class_list":["post-1139","post","type-post","status-publish","format-standard","hentry","category-sin-categoria","category-1","description-off"],"_links":{"self":[{"href":"https:\/\/www.epscon.mx\/en\/wp-json\/wp\/v2\/posts\/1139","targetHints":{"allow":["GET"]}}],"collection":[{"href":"https:\/\/www.epscon.mx\/en\/wp-json\/wp\/v2\/posts"}],"about":[{"href":"https:\/\/www.epscon.mx\/en\/wp-json\/wp\/v2\/types\/post"}],"author":[{"embeddable":true,"href":"https:\/\/www.epscon.mx\/en\/wp-json\/wp\/v2\/users\/1"}],"replies":[{"embeddable":true,"href":"https:\/\/www.epscon.mx\/en\/wp-json\/wp\/v2\/comments?post=1139"}],"version-history":[{"count":1,"href":"https:\/\/www.epscon.mx\/en\/wp-json\/wp\/v2\/posts\/1139\/revisions"}],"predecessor-version":[{"id":1140,"href":"https:\/\/www.epscon.mx\/en\/wp-json\/wp\/v2\/posts\/1139\/revisions\/1140"}],"wp:attachment":[{"href":"https:\/\/www.epscon.mx\/en\/wp-json\/wp\/v2\/media?parent=1139"}],"wp:term":[{"taxonomy":"category","embeddable":true,"href":"https:\/\/www.epscon.mx\/en\/wp-json\/wp\/v2\/categories?post=1139"},{"taxonomy":"post_tag","embeddable":true,"href":"https:\/\/www.epscon.mx\/en\/wp-json\/wp\/v2\/tags?post=1139"}],"curies":[{"name":"wp","href":"https:\/\/api.w.org\/{rel}","templated":true}]}}